{"id":1191,"date":"2016-12-20T17:22:11","date_gmt":"2016-12-20T15:22:11","guid":{"rendered":"http:\/\/juz-boehl-iggelheim.de\/?p=1191"},"modified":"2016-12-20T17:55:14","modified_gmt":"2016-12-20T15:55:14","slug":"vordruck-arbeitszeitnachweis-fuer-die-sommerferien","status":"publish","type":"post","link":"https:\/\/juz-boehl-iggelheim.de\/?p=1191","title":{"rendered":"Vordruck Arbeitszeitnachweis f\u00fcr die Sommerferien"},"content":{"rendered":"<p>Liebe Eltern,<\/p>\n<p>hier k\u00f6nnen Sie sich bereits unseren <strong>Arbeitszeitnachweis zur Vorlage beim Arbeitgeber<\/strong> ausdrucken.<\/p>\n<p>Dieser gilt auch f\u00fcr Selbst\u00e4ndige .<\/p>\n<p>Dieser Nachweis gilt f\u00fcr die Sommerferien.<\/p>\n<p>Bitte beachten Sie die weiterf\u00fchrenden Informationen in unseren <em><strong>AGBs<\/strong><\/em>.<\/p>\n<p>&nbsp;<\/p>\n<p>Die AGBs sowie weitere Dokumente f\u00fcr die verschiedenen Ferienfreizeiten k\u00f6nnen im Laufe des heutigen Dienstagnachmittages unter <em>Kinderferienprogramm\/Kinderferienprogramm 2017<\/em> eingesehen werden!<\/p>\n<p>&nbsp;<\/p>\n<p>F\u00fcr den Arbeitgeber:<\/p>\n<p><a href=\"https:\/\/juz-boehl-iggelheim.de\/wp-content\/uploads\/2016\/12\/AZNachweis-Vordruck.pdf\">AZNachweis Vordruck<\/a><\/p>\n<p>&nbsp;<\/p>\n<p>&nbsp;<\/p>\n<h3><\/h3>\n<p>&nbsp;<\/p>\n","protected":false},"excerpt":{"rendered":"<p>Liebe Eltern, hier k\u00f6nnen Sie sich bereits unseren Arbeitszeitnachweis zur Vorlage beim Arbeitgeber ausdrucken. Dieser gilt auch f\u00fcr Selbst\u00e4ndige . Dieser Nachweis gilt f\u00fcr die Sommerferien. Bitte beachten Sie die weiterf\u00fchrenden Informationen in unseren AGBs. &nbsp; Die AGBs sowie weitere Dokumente f\u00fcr die verschiedenen Ferienfreizeiten k\u00f6nnen im Laufe des heutigen Dienstagnachmittages unter Kinderferienprogramm\/Kinderferienprogramm 2017 eingesehen [&hellip;]<\/p>\n","protected":false},"author":8,"featured_media":0,"comment_status":"closed","ping_status":"closed","sticky":false,"template":"","format":"standard","meta":{"_crdt_document":"","ngg_post_thumbnail":0,"footnotes":""},"categories":[8],"tags":[],"class_list":["post-1191","post","type-post","status-publish","format-standard","hentry","category-aktuelles","post-preview"],"_links":{"self":[{"href":"https:\/\/juz-boehl-iggelheim.de\/index.php?rest_route=\/wp\/v2\/posts\/1191","targetHints":{"allow":["GET"]}}],"collection":[{"href":"https:\/\/juz-boehl-iggelheim.de\/index.php?rest_route=\/wp\/v2\/posts"}],"about":[{"href":"https:\/\/juz-boehl-iggelheim.de\/index.php?rest_route=\/wp\/v2\/types\/post"}],"author":[{"embeddable":true,"href":"https:\/\/juz-boehl-iggelheim.de\/index.php?rest_route=\/wp\/v2\/users\/8"}],"replies":[{"embeddable":true,"href":"https:\/\/juz-boehl-iggelheim.de\/index.php?rest_route=%2Fwp%2Fv2%2Fcomments&post=1191"}],"version-history":[{"count":5,"href":"https:\/\/juz-boehl-iggelheim.de\/index.php?rest_route=\/wp\/v2\/posts\/1191\/revisions"}],"predecessor-version":[{"id":1213,"href":"https:\/\/juz-boehl-iggelheim.de\/index.php?rest_route=\/wp\/v2\/posts\/1191\/revisions\/1213"}],"wp:attachment":[{"href":"https:\/\/juz-boehl-iggelheim.de\/index.php?rest_route=%2Fwp%2Fv2%2Fmedia&parent=1191"}],"wp:term":[{"taxonomy":"category","embeddable":true,"href":"https:\/\/juz-boehl-iggelheim.de\/index.php?rest_route=%2Fwp%2Fv2%2Fcategories&post=1191"},{"taxonomy":"post_tag","embeddable":true,"href":"https:\/\/juz-boehl-iggelheim.de\/index.php?rest_route=%2Fwp%2Fv2%2Ftags&post=1191"}],"curies":[{"name":"wp","href":"https:\/\/api.w.org\/{rel}","templated":true}]}}